{"id":3759,"date":"2025-06-06T09:00:44","date_gmt":"2025-06-06T07:00:44","guid":{"rendered":"https:\/\/xn--caminotlvision-hkbb.com\/?p=3759"},"modified":"2025-07-14T18:23:05","modified_gmt":"2025-07-14T16:23:05","slug":"le-pelerinage-de-paris-a-chartres-2025","status":"publish","type":"post","link":"https:\/\/xn--caminotlvision-hkbb.com\/index.php\/2025\/06\/06\/le-pelerinage-de-paris-a-chartres-2025\/","title":{"rendered":"Le p\u00e8lerinage de Paris \u00e0 Chartres 2025"},"content":{"rendered":"\t\t<div data-elementor-type=\"wp-post\" data-elementor-id=\"3759\" class=\"elementor elementor-3759\">\n\t\t\t\t<div class=\"elementor-element elementor-element-c48647c e-con-full e-flex e-con e-parent\" data-id=\"c48647c\" data-element_type=\"container\" data-e-type=\"container\">\n\t\t\t\t<div class=\"elementor-element elementor-element-1de7ef4 elementor-widget__width-inherit elementor-widget elementor-widget-image\" data-id=\"1de7ef4\" data-element_type=\"widget\" data-e-type=\"widget\" data-widget_type=\"image.default\">\n\t\t\t\t<div class=\"elementor-widget-container\">\n\t\t\t\t\t\t\t\t\t\t\t\t<figure class=\"wp-caption\">\n\t\t\t\t\t\t\t\t\t\t<img fetchpriority=\"high\" decoding=\"async\" width=\"845\" height=\"718\" src=\"https:\/\/xn--caminotlvision-hkbb.com\/wp-content\/uploads\/2025\/06\/Pelerinage-paris-chartres.jpg\" class=\"attachment-full size-full wp-image-3749\" alt=\"\" srcset=\"https:\/\/xn--caminotlvision-hkbb.com\/wp-content\/uploads\/2025\/06\/Pelerinage-paris-chartres.jpg 845w, https:\/\/xn--caminotlvision-hkbb.com\/wp-content\/uploads\/2025\/06\/Pelerinage-paris-chartres-300x255.jpg 300w, https:\/\/xn--caminotlvision-hkbb.com\/wp-content\/uploads\/2025\/06\/Pelerinage-paris-chartres-768x653.jpg 768w\" sizes=\"(max-width: 845px) 100vw, 845px\" \/>\t\t\t\t\t\t\t\t\t\t\t<figcaption class=\"widget-image-caption wp-caption-text\">image association notre dame de chr\u00e9tiennet\u00e9<\/figcaption>\n\t\t\t\t\t\t\t\t\t\t<\/figure>\n\t\t\t\t\t\t\t\t\t<\/div>\n\t\t\t\t<\/div>\n\t\t\t\t<\/div>\n\t\t<div class=\"elementor-element elementor-element-c030077 e-flex e-con-boxed e-con e-parent\" data-id=\"c030077\" data-element_type=\"container\" data-e-type=\"container\">\n\t\t\t\t\t<div class=\"e-con-inner\">\n\t\t\t\t<div class=\"elementor-element elementor-element-a329e1f elementor-widget elementor-widget-text-editor\" data-id=\"a329e1f\" data-element_type=\"widget\" data-e-type=\"widget\" data-widget_type=\"text-editor.default\">\n\t\t\t\t<div class=\"elementor-widget-container\">\n\t\t\t\t\t\t\t\t\t<p><strong>A l\u2019approche de la Pentec\u00f4te les m\u00e9dias souvent ceux du web et de la presse r\u00e9gionale font \u00e9tat de ce grand p\u00e8lerinage. Cette ann\u00e9e on s\u2019attend \u00e0 avoir 20000 p\u00e8lerins.<\/strong><\/p><p><strong>Vous \u00eates choqu\u00e9s\u00a0?<\/strong><\/p><p><strong>Je vais essayer de vous \u00e9clairer tout d\u2019abord sur ce p\u00e8lerinage et ensuite vous expliquer dans un deuxi\u00e8me temps de mani\u00e8re simpliste les diff\u00e9rents qui animent l\u2019\u00e9glise progressiste et l\u2019\u00e9glise traditionnelle. C\u2019est parti<\/strong><\/p><p>Le p\u00e8lerinage de Paris \u00e0 Chartres, souvent appel\u00e9 \u00ab\u00a0Notre-Dame de Chr\u00e9tient\u00e9\u00a0\u00bb, est un \u00e9v\u00e9nement annuel qui se d\u00e9roule pendant le week-end de la Pentec\u00f4te. C&rsquo;est un p\u00e8lerinage catholique traditionnel qui attire des milliers de participants venant de divers horizons, d\u00e9sireux de vivre une exp\u00e9rience spirituelle intense. (Voir <a href=\"https:\/\/www.nd-chretiente.com\/#page-top\" target=\"_blank\" rel=\"noopener\">le site https:\/\/www.nd-chretiente.com<\/a>)<\/p><p><em>Tout d\u2019abord ce p\u00e8lerinage qu\u2019est-ce que c\u2019est\u00a0? <\/em><\/p><ol><li>Ce p\u00e8lerinage a une longue tradition et est souvent vu comme un acte de foi et de d\u00e9votion envers la Vierge Marie. Il s&rsquo;inspire des grandes traditions de p\u00e8lerinages m\u00e9di\u00e9vaux.<\/li><li>Le p\u00e8lerinage couvre environ 100 kilom\u00e8tres, commen\u00e7ant \u00e0 Paris, souvent \u00e0 la cath\u00e9drale Notre-Dame, et se terminant \u00e0 la cath\u00e9drale Notre-Dame de Chartres. Le parcours se d\u00e9roule sur trois jours, avec des \u00e9tapes de marche et des pauses pour la pri\u00e8re et le repos.<\/li><li>C\u2019est ouvert \u00e0 tous, il attire des familles, des jeunes, des groupes paroissiaux et des communaut\u00e9s religieuses. Les participants marchent en chapitres, petits groupes organis\u00e9s par affinit\u00e9 ou r\u00e9gion, ce qui favorise l&rsquo;esprit communautaire.<\/li><li>Le p\u00e8lerinage est ponctu\u00e9 de messes, de pri\u00e8res, de chants et de m\u00e9ditations. C&rsquo;est un moment de r\u00e9flexion personnelle et de renforcement de la foi pour de nombreux p\u00e8lerins. Ces messe sont dites traditionnelles ce qui explique la m\u00e9sentente entre les deux courants.<\/li><li>Malgr\u00e9 la m\u00e9t\u00e9o, la fatigue physique que peut engendrer une telle marche, l&rsquo;ambiance est g\u00e9n\u00e9ralement joyeuse et fraternelle. Les p\u00e8lerins partagent des moments de convivialit\u00e9 et de solidarit\u00e9.<\/li><li>Ce p\u00e8lerinage signifie beaucoup pour ces p\u00e8lerins. C\u2019est une occasion de renouveau spirituel, de pri\u00e8re pour des intentions personnelles ou collectives, et de t\u00e9moignage de foi. Participer \u00e0 ce p\u00e8lerinage est souvent d\u00e9crit comme une exp\u00e9rience transformatrice, offrant un temps de d\u00e9connexion du quotidien pour se recentrer sur l&rsquo;essentiel.<\/li><\/ol><p><em>Le p\u00e8lerinage de Paris \u00e0 Chartres, bien qu&rsquo;il soit une tradition respect\u00e9e et suivie par de nombreux fid\u00e8les, peut parfois \u00eatre sujet \u00e0 des critiques ou controverses pour plusieurs raisons :<\/em><\/p><ol><li>Comme pour tout \u00e9v\u00e9nement de grande envergure, des probl\u00e8mes logistiques peuvent survenir, tels que la gestion des foules, l&rsquo;h\u00e9bergement ou la s\u00e9curit\u00e9 des participants.<\/li><li>Certains peuvent critiquer le p\u00e8lerinage en raison des motivations per\u00e7ues comme trop traditionnalistes ou conservatrices de certains participants. Cela peut cr\u00e9er des tensions au sein de la communaut\u00e9 catholique, qui je le rappelle est diverse et plurielle.<\/li><\/ol><ol start=\"3\"><li>Le passage de milliers de p\u00e8lerins peut avoir un impact sur l&rsquo;environnement, notamment sur les chemins emprunt\u00e9s et les sites naturels travers\u00e9s. C\u2019est pour cela que l\u2019association passe par les petites routes \u00e9vitant les grands chemins de randonn\u00e9e<\/li><li>L&rsquo;attention m\u00e9diatique peut parfois se concentrer sur des aspects pol\u00e9miques ou sensationnalistes, plut\u00f4t que sur la dimension spirituelle et communautaire de l&rsquo;\u00e9v\u00e9nement. Cependant au travers des reportages, on a l\u2019impression qu\u2019il y a deux \u00e9glises ce qui a mon avis n\u2019est pas une bonne chose quand on connait la probl\u00e9matique du d\u00e9sert spirituel que connait la France. Une p\u00e9lerine qui a fait saint jacques de Compostelle me disait : en France j\u2019ai essay\u00e9 d\u2019aller \u00e0 la messe c\u2019\u00e9tait peine perdue<\/li><li>La diversit\u00e9 des opinions et des pratiques parmi les participants peut parfois mener \u00e0 des d\u00e9bats internes sur l&rsquo;orientation et le message du p\u00e8lerinage.<\/li><\/ol><p>Il est important de noter que, malgr\u00e9 ces critiques, le p\u00e8lerinage reste pour beaucoup un moment de profonde spiritualit\u00e9 et de communion. Les organisateurs et participants s&rsquo;efforcent g\u00e9n\u00e9ralement de r\u00e9pondre aux critiques de mani\u00e8re constructive, en am\u00e9liorant l&rsquo;organisation et en favorisant un esprit d&rsquo;ouverture et de dialogue.<\/p>\t\t\t\t\t\t\t\t<\/div>\n\t\t\t\t<\/div>\n\t\t\t\t\t<\/div>\n\t\t\t\t<\/div>\n\t\t<div class=\"elementor-element elementor-element-2e0b162 e-flex e-con-boxed e-con e-parent\" data-id=\"2e0b162\" data-element_type=\"container\" data-e-type=\"container\">\n\t\t\t\t\t<div class=\"e-con-inner\">\n\t\t\t\t<div class=\"elementor-element elementor-element-af78796 elementor-widget__width-inherit elementor-widget elementor-widget-image\" data-id=\"af78796\" data-element_type=\"widget\" data-e-type=\"widget\" data-widget_type=\"image.default\">\n\t\t\t\t<div class=\"elementor-widget-container\">\n\t\t\t\t\t\t\t\t\t\t\t\t\t\t\t\t<a href=\"https:\/\/xn--caminotlvision-hkbb.com\/wp-content\/uploads\/2025\/06\/l-affiche-officielle-paris-chartres.jpg\" data-elementor-open-lightbox=\"yes\" data-e-action-hash=\"#elementor-action%3Aaction%3Dlightbox%26settings%3DeyJpZCI6Mzc1MSwidXJsIjoiaHR0cHM6XC9cL3huLS1jYW1pbm90bHZpc2lvbi1oa2JiLmNvbVwvd3AtY29udGVudFwvdXBsb2Fkc1wvMjAyNVwvMDZcL2wtYWZmaWNoZS1vZmZpY2llbGxlLXBhcmlzLWNoYXJ0cmVzLmpwZyJ9\">\n\t\t\t\t\t\t\t<img decoding=\"async\" width=\"800\" height=\"450\" src=\"https:\/\/xn--caminotlvision-hkbb.com\/wp-content\/uploads\/2025\/06\/l-affiche-officielle-paris-chartres-1024x576.jpg\" class=\"attachment-large size-large wp-image-3751\" alt=\"\" srcset=\"https:\/\/xn--caminotlvision-hkbb.com\/wp-content\/uploads\/2025\/06\/l-affiche-officielle-paris-chartres-1024x576.jpg 1024w, https:\/\/xn--caminotlvision-hkbb.com\/wp-content\/uploads\/2025\/06\/l-affiche-officielle-paris-chartres-300x169.jpg 300w, https:\/\/xn--caminotlvision-hkbb.com\/wp-content\/uploads\/2025\/06\/l-affiche-officielle-paris-chartres-768x432.jpg 768w, https:\/\/xn--caminotlvision-hkbb.com\/wp-content\/uploads\/2025\/06\/l-affiche-officielle-paris-chartres-1536x864.jpg 1536w, https:\/\/xn--caminotlvision-hkbb.com\/wp-content\/uploads\/2025\/06\/l-affiche-officielle-paris-chartres.jpg 1920w\" sizes=\"(max-width: 800px) 100vw, 800px\" \/>\t\t\t\t\t\t\t\t<\/a>\n\t\t\t\t\t\t\t\t\t\t\t\t\t\t\t<\/div>\n\t\t\t\t<\/div>\n\t\t\t\t\t<\/div>\n\t\t\t\t<\/div>\n\t\t<div class=\"elementor-element elementor-element-dfbce7d e-flex e-con-boxed e-con e-parent\" data-id=\"dfbce7d\" data-element_type=\"container\" data-e-type=\"container\">\n\t\t\t\t\t<div class=\"e-con-inner\">\n\t\t<div class=\"elementor-element elementor-element-63ef905 e-con-full e-flex e-con e-child\" data-id=\"63ef905\" data-element_type=\"container\" data-e-type=\"container\">\n\t\t\t\t<div class=\"elementor-element elementor-element-88d0c38 elementor-widget elementor-widget-image\" data-id=\"88d0c38\" data-element_type=\"widget\" data-e-type=\"widget\" data-widget_type=\"image.default\">\n\t\t\t\t<div class=\"elementor-widget-container\">\n\t\t\t\t\t\t\t\t\t\t\t\t<figure class=\"wp-caption\">\n\t\t\t\t\t\t\t\t\t\t\t<a href=\"https:\/\/www.rcf.fr\/articles\/actualite\/chartres-le-rite-ordinaire-de-nouveau-autorise-pour-le-grand-pelerinage\" target=\"_blank\">\n\t\t\t\t\t\t\t<img decoding=\"async\" width=\"800\" height=\"449\" src=\"https:\/\/xn--caminotlvision-hkbb.com\/wp-content\/uploads\/2025\/06\/mg-3624-2.jpg.jpeg\" class=\"attachment-large size-large wp-image-3775\" alt=\"\" srcset=\"https:\/\/xn--caminotlvision-hkbb.com\/wp-content\/uploads\/2025\/06\/mg-3624-2.jpg.jpeg 890w, https:\/\/xn--caminotlvision-hkbb.com\/wp-content\/uploads\/2025\/06\/mg-3624-2.jpg-300x169.jpeg 300w, https:\/\/xn--caminotlvision-hkbb.com\/wp-content\/uploads\/2025\/06\/mg-3624-2.jpg-768x431.jpeg 768w\" sizes=\"(max-width: 800px) 100vw, 800px\" \/>\t\t\t\t\t\t\t\t<\/a>\n\t\t\t\t\t\t\t\t\t\t\t<figcaption class=\"widget-image-caption wp-caption-text\">Le p\u00e8lerinage de Chartres rassemble chaque ann\u00e9e pr\u00e8s de 20 000 p\u00e8lerins. \u00a9 P\u00e8lerinage et tradition<\/figcaption>\n\t\t\t\t\t\t\t\t\t\t<\/figure>\n\t\t\t\t\t\t\t\t\t<\/div>\n\t\t\t\t<\/div>\n\t\t\t\t<\/div>\n\t\t<div class=\"elementor-element elementor-element-2e38592 e-con-full e-flex e-con e-child\" data-id=\"2e38592\" data-element_type=\"container\" data-e-type=\"container\">\n\t\t\t\t<div class=\"elementor-element elementor-element-a014566 elementor-widget elementor-widget-image\" data-id=\"a014566\" data-element_type=\"widget\" data-e-type=\"widget\" data-widget_type=\"image.default\">\n\t\t\t\t<div class=\"elementor-widget-container\">\n\t\t\t\t\t\t\t\t\t\t\t\t<figure class=\"wp-caption\">\n\t\t\t\t\t\t\t\t\t\t<img loading=\"lazy\" decoding=\"async\" width=\"800\" height=\"449\" src=\"https:\/\/xn--caminotlvision-hkbb.com\/wp-content\/uploads\/2025\/06\/HL_FPETRY_1782981_0.jpg.jpeg\" class=\"attachment-large size-large wp-image-3779\" alt=\"\" srcset=\"https:\/\/xn--caminotlvision-hkbb.com\/wp-content\/uploads\/2025\/06\/HL_FPETRY_1782981_0.jpg.jpeg 890w, https:\/\/xn--caminotlvision-hkbb.com\/wp-content\/uploads\/2025\/06\/HL_FPETRY_1782981_0.jpg-300x169.jpeg 300w, https:\/\/xn--caminotlvision-hkbb.com\/wp-content\/uploads\/2025\/06\/HL_FPETRY_1782981_0.jpg-768x431.jpeg 768w\" sizes=\"(max-width: 800px) 100vw, 800px\" \/>\t\t\t\t\t\t\t\t\t\t\t<figcaption class=\"widget-image-caption wp-caption-text\">Messe de cl\u00f4ture du p\u00e8lerinage de Chartres \u00a9 Frederic Petry \/ Hans Lucas.<\/figcaption>\n\t\t\t\t\t\t\t\t\t\t<\/figure>\n\t\t\t\t\t\t\t\t\t<\/div>\n\t\t\t\t<\/div>\n\t\t\t\t<\/div>\n\t\t<div class=\"elementor-element elementor-element-2977eac e-con-full e-flex e-con e-child\" data-id=\"2977eac\" data-element_type=\"container\" data-e-type=\"container\">\n\t\t\t\t<\/div>\n\t\t<div class=\"elementor-element elementor-element-6f2768d e-con-full e-flex e-con e-child\" data-id=\"6f2768d\" data-element_type=\"container\" data-e-type=\"container\">\n\t\t\t\t<\/div>\n\t\t\t\t\t<\/div>\n\t\t\t\t<\/div>\n\t\t<div class=\"elementor-element elementor-element-86bfc53 e-flex e-con-boxed e-con e-parent\" data-id=\"86bfc53\" data-element_type=\"container\" data-e-type=\"container\">\n\t\t\t\t\t<div class=\"e-con-inner\">\n\t\t\t\t<div class=\"elementor-element elementor-element-95036c2 elementor-widget elementor-widget-text-editor\" data-id=\"95036c2\" data-element_type=\"widget\" data-e-type=\"widget\" data-widget_type=\"text-editor.default\">\n\t\t\t\t<div class=\"elementor-widget-container\">\n\t\t\t\t\t\t\t\t\t<h3><em>La distinction entre l&rsquo;\u00c9glise traditionaliste et l&rsquo;\u00c9glise moderne, souvent appel\u00e9e \u00c9glise progressiste, repose principalement sur des diff\u00e9rences d&rsquo;approches th\u00e9ologiques, liturgiques et pastorales. Voici quelques points cl\u00e9s pour mieux comprendre ces distinctions :<\/em><\/h3><ol><li><em> La Liturgie :<\/em><\/li><\/ol><p>&#8211; Traditionaliste : Les catholiques traditionalistes pr\u00e9f\u00e8rent g\u00e9n\u00e9ralement la messe tridentine en latin, telle qu&rsquo;elle \u00e9tait c\u00e9l\u00e9br\u00e9e avant le Concile Vatican II. Ils appr\u00e9cient les rites, les chants gr\u00e9goriens et les c\u00e9r\u00e9monies solennelles.<\/p><p>&#8211; Moderne : L&rsquo;\u00c9glise moderne utilise principalement la messe en langue vernaculaire, telle que r\u00e9form\u00e9e par le Concile Vatican II, avec une approche plus accessible et compr\u00e9hensible pour les fid\u00e8les.<\/p><ol start=\"2\"><li><em>Th\u00e9ologie et Doctrine :<\/em><\/li><\/ol><p>&#8211; Traditionaliste : Cette approche met l&rsquo;accent sur la continuit\u00e9 avec les enseignements historiques de l&rsquo;\u00c9glise, insistant sur la doctrine traditionnelle et souvent sur une interpr\u00e9tation litt\u00e9rale des textes sacr\u00e9s.<\/p><p>&#8211; Moderne : L&rsquo;\u00c9glise moderne est souvent plus ouverte aux interpr\u00e9tations contemporaines des \u00c9critures et aux \u00e9volutions th\u00e9ologiques, cherchant \u00e0 dialoguer avec le monde moderne et \u00e0 r\u00e9pondre aux d\u00e9fis actuels.<\/p><ol start=\"3\"><li><em> Approche Pastorale :<\/em><\/li><\/ol><p>&#8211; Traditionaliste : L&rsquo;accent est mis sur la pr\u00e9servation des valeurs et des pratiques traditionnelles, avec une attention particuli\u00e8re \u00e0 la discipline et \u00e0 la morale telles qu&rsquo;historiquement enseign\u00e9es par l&rsquo;\u00c9glise.<\/p><p>&#8211; Moderne : L&rsquo;\u00c9glise moderne tend \u00e0 adopter une approche pastorale plus inclusive et mis\u00e9ricordieuse, cherchant \u00e0 int\u00e9grer les personnes marginalis\u00e9es et \u00e0 r\u00e9pondre aux r\u00e9alit\u00e9s sociales contemporaines.<\/p><ol start=\"4\"><li><em> Positionnement sur les Questions Sociales :<\/em><\/li><\/ol><p>&#8211; Traditionaliste : Les positions sont souvent conservatrices, en particulier sur des sujets tels que la famille, la sexualit\u00e9 et le r\u00f4le des femmes dans l&rsquo;\u00c9glise.<\/p><p>&#8211; Moderne : L&rsquo;\u00c9glise moderne est g\u00e9n\u00e9ralement plus ouverte au dialogue sur ces questions, cherchant \u00e0 s&rsquo;adapter aux \u00e9volutions soci\u00e9tales tout en restant fid\u00e8le \u00e0 ses principes fondamentaux.<\/p><p><em>Il est important de noter que ces distinctions ne sont pas toujours strictement d\u00e9finies et qu&rsquo;il existe une diversit\u00e9 de pratiques et de croyances au sein de chaque groupe. De nombreux catholiques peuvent se situer entre ces deux approches, cherchant \u00e0 int\u00e9grer des \u00e9l\u00e9ments des deux dans leur vie de foi.<\/em><\/p><p>Voila j\u2019esp\u00e8re vous avoir \u00e9clair\u00e9 sur ce p\u00e8lerinage qui devient au fil du temps un \u00e9v\u00e8nement majeur.<\/p>\t\t\t\t\t\t\t\t<\/div>\n\t\t\t\t<\/div>\n\t\t\t\t\t<\/div>\n\t\t\t\t<\/div>\n\t\t\t\t<\/div>\n\t\t","protected":false},"excerpt":{"rendered":"<p>image association notre dame de chr\u00e9tiennet\u00e9 A l\u2019approche de la Pentec\u00f4te les m\u00e9dias souvent ceux du web et de la presse r\u00e9gionale font \u00e9tat de ce grand p\u00e8lerinage. Cette ann\u00e9e on s\u2019attend \u00e0 avoir 20000 p\u00e8lerins. Vous \u00eates choqu\u00e9s\u00a0? Je vais essayer de vous \u00e9clairer tout d\u2019abord sur ce p\u00e8lerinage et ensuite vous expliquer dans [&hellip;]<\/p>\n","protected":false},"author":1,"featured_media":3775,"comment_status":"closed","ping_status":"closed","sticky":false,"template":"","format":"standard","meta":{"footnotes":""},"categories":[23],"tags":[],"class_list":["post-3759","post","type-post","status-publish","format-standard","has-post-thumbnail","hentry","category-lactu-du-web"],"aioseo_notices":[],"_links":{"self":[{"href":"https:\/\/xn--caminotlvision-hkbb.com\/index.php\/wp-json\/wp\/v2\/posts\/3759","targetHints":{"allow":["GET"]}}],"collection":[{"href":"https:\/\/xn--caminotlvision-hkbb.com\/index.php\/wp-json\/wp\/v2\/posts"}],"about":[{"href":"https:\/\/xn--caminotlvision-hkbb.com\/index.php\/wp-json\/wp\/v2\/types\/post"}],"author":[{"embeddable":true,"href":"https:\/\/xn--caminotlvision-hkbb.com\/index.php\/wp-json\/wp\/v2\/users\/1"}],"replies":[{"embeddable":true,"href":"https:\/\/xn--caminotlvision-hkbb.com\/index.php\/wp-json\/wp\/v2\/comments?post=3759"}],"version-history":[{"count":37,"href":"https:\/\/xn--caminotlvision-hkbb.com\/index.php\/wp-json\/wp\/v2\/posts\/3759\/revisions"}],"predecessor-version":[{"id":3953,"href":"https:\/\/xn--caminotlvision-hkbb.com\/index.php\/wp-json\/wp\/v2\/posts\/3759\/revisions\/3953"}],"wp:featuredmedia":[{"embeddable":true,"href":"https:\/\/xn--caminotlvision-hkbb.com\/index.php\/wp-json\/wp\/v2\/media\/3775"}],"wp:attachment":[{"href":"https:\/\/xn--caminotlvision-hkbb.com\/index.php\/wp-json\/wp\/v2\/media?parent=3759"}],"wp:term":[{"taxonomy":"category","embeddable":true,"href":"https:\/\/xn--caminotlvision-hkbb.com\/index.php\/wp-json\/wp\/v2\/categories?post=3759"},{"taxonomy":"post_tag","embeddable":true,"href":"https:\/\/xn--caminotlvision-hkbb.com\/index.php\/wp-json\/wp\/v2\/tags?post=3759"}],"curies":[{"name":"wp","href":"https:\/\/api.w.org\/{rel}","templated":true}]}}