{"id":4287,"date":"2025-10-13T18:48:16","date_gmt":"2025-10-13T16:48:16","guid":{"rendered":"https:\/\/xn--caminotlvision-hkbb.com\/?p=4287"},"modified":"2025-12-09T01:57:42","modified_gmt":"2025-12-09T00:57:42","slug":"le-pelerin-genereux","status":"publish","type":"post","link":"https:\/\/xn--caminotlvision-hkbb.com\/index.php\/2025\/10\/13\/le-pelerin-genereux\/","title":{"rendered":"Le p\u00e8lerin g\u00e9n\u00e9reux"},"content":{"rendered":"\t\t<div data-elementor-type=\"wp-post\" data-elementor-id=\"4287\" class=\"elementor elementor-4287\">\n\t\t\t\t<div class=\"elementor-element elementor-element-337e9df e-flex e-con-boxed e-con e-parent\" data-id=\"337e9df\" data-element_type=\"container\" data-e-type=\"container\">\n\t\t\t\t\t<div class=\"e-con-inner\">\n\t\t<div class=\"elementor-element elementor-element-6de80fe e-con-full e-flex e-con e-child\" data-id=\"6de80fe\" data-element_type=\"container\" data-e-type=\"container\">\n\t\t\t\t<div class=\"elementor-element elementor-element-113937a elementor-widget elementor-widget-text-editor\" data-id=\"113937a\" data-element_type=\"widget\" data-e-type=\"widget\" data-widget_type=\"text-editor.default\">\n\t\t\t\t<div class=\"elementor-widget-container\">\n\t\t\t\t\t\t\t\t\t<p>Je suis heureux de partager avec vous mon premier portrait. Celui de de Jean Michel Chougny, un p\u00e8lerin exceptionnel que j&rsquo;ai eu l&rsquo;honneur de rencontrer. Depuis dix ans, Jean Michel parcourt inlassablement les chemins de p\u00e8lerinage, accumulant \u00e0 son actif un impressionnant total de 14 000 kilom\u00e8tres. Notre rencontre a eu lieu \u00e0 Chartres, un samedi 21 juin 2025, une date d\u00e9sormais sp\u00e9ciale pour moi. D\u00e8s le d\u00e9but de notre conversation, j&rsquo;ai \u00e9t\u00e9 captiv\u00e9 par les r\u00e9cits incroyables de ses aventures et par la profondeur de ses r\u00e9flexions.<\/p><p>Jean Michel est affectueusement surnomm\u00e9 par moi \u00ab\u00a0le p\u00e8lerin g\u00e9n\u00e9reux\u00a0\u00bb, un titre qui lui va \u00e0 merveille. Sa g\u00e9n\u00e9rosit\u00e9 se manifeste de multiples fa\u00e7ons : il a \u00e9t\u00e9 un marqueur sur le chemin de Tours, s&rsquo;assurant que les autres p\u00e8lerins ne se perdent pas en chemin. Mais sa bienveillance ne s&rsquo;arr\u00eate pas l\u00e0. Il est toujours pr\u00eat \u00e0 tendre la main aux p\u00e8lerins en d\u00e9tresse, offrant son aide et son soutien \u00e0 ceux qui en ont besoin.<\/p><p>Passer du temps avec Jean Michel a \u00e9t\u00e9 un v\u00e9ritable plaisir, un moment pr\u00e9cieux qui restera \u00e0 jamais grav\u00e9 dans ma m\u00e9moire. Sa passion pour le p\u00e8lerinage et son d\u00e9vouement envers les autres sont une source d&rsquo;inspiration pour tous ceux qui ont la chance de croiser sa route.<\/p><p>\u00a0<\/p>\t\t\t\t\t\t\t\t<\/div>\n\t\t\t\t<\/div>\n\t\t\t\t<\/div>\n\t\t<div class=\"elementor-element elementor-element-1e81bc8 e-con-full e-flex e-con e-child\" data-id=\"1e81bc8\" data-element_type=\"container\" data-e-type=\"container\">\n\t\t\t\t<div class=\"elementor-element elementor-element-926d0a1 elementor-widget elementor-widget-video\" data-id=\"926d0a1\" data-element_type=\"widget\" data-e-type=\"widget\" data-settings=\"{&quot;youtube_url&quot;:&quot;https:\\\/\\\/youtu.be\\\/8O8tUNhlz5s&quot;,&quot;video_type&quot;:&quot;youtube&quot;,&quot;controls&quot;:&quot;yes&quot;}\" data-widget_type=\"video.default\">\n\t\t\t\t<div class=\"elementor-widget-container\">\n\t\t\t\t\t\t\t<div class=\"elementor-wrapper elementor-open-inline\">\n\t\t\t<div class=\"elementor-video\"><\/div>\t\t<\/div>\n\t\t\t\t\t\t<\/div>\n\t\t\t\t<\/div>\n\t\t\t\t<\/div>\n\t\t\t\t\t<\/div>\n\t\t\t\t<\/div>\n\t\t<div class=\"elementor-element elementor-element-6853363 e-flex e-con-boxed e-con e-parent\" data-id=\"6853363\" data-element_type=\"container\" data-e-type=\"container\">\n\t\t\t\t\t<div class=\"e-con-inner\">\n\t\t\t\t<div class=\"elementor-element elementor-element-c0bda24 elementor-widget__width-inherit elementor-widget elementor-widget-text-editor\" data-id=\"c0bda24\" data-element_type=\"widget\" data-e-type=\"widget\" data-widget_type=\"text-editor.default\">\n\t\t\t\t<div class=\"elementor-widget-container\">\n\t\t\t\t\t\t\t\t\t<h3>Quand Jean-Michel d\u00e9crit son chemin<\/h3>\t\t\t\t\t\t\t\t<\/div>\n\t\t\t\t<\/div>\n\t\t\t\t\t<\/div>\n\t\t\t\t<\/div>\n\t\t<div class=\"elementor-element elementor-element-2d6cc7e e-flex e-con-boxed e-con e-parent\" data-id=\"2d6cc7e\" data-element_type=\"container\" data-e-type=\"container\">\n\t\t\t\t\t<div class=\"e-con-inner\">\n\t\t\t\t<div class=\"elementor-element elementor-element-fcdd445 elementor-widget elementor-widget-text-editor\" data-id=\"fcdd445\" data-element_type=\"widget\" data-e-type=\"widget\" data-widget_type=\"text-editor.default\">\n\t\t\t\t<div class=\"elementor-widget-container\">\n\t\t\t\t\t\t\t\t\t<div class=\"html-div xdj266r x14z9mp xat24cr x1lziwak xexx8yu xyri2b x18d9i69 x1c1uobl\"><div class=\"html-div xdj266r x14z9mp xat24cr x1lziwak xexx8yu xyri2b x18d9i69 x1c1uobl\" dir=\"auto\"><div class=\"html-div xdj266r x14z9mp xat24cr x1lziwak xexx8yu xyri2b x18d9i69 x1c1uobl\" data-ad-rendering-role=\"story_message\"><div id=\"_r_4sv_\" class=\"x1l90r2v x1iorvi4 x1g0dm76 xpdmqnj\" data-ad-comet-preview=\"message\" data-ad-preview=\"message\"><div class=\"x78zum5 xdt5ytf xz62fqu x16ldp7u\"><div class=\"xu06os2 x1ok221b\"><div class=\"html-div xdj266r x14z9mp xat24cr x1lziwak xexx8yu xyri2b x18d9i69 x1c1uobl\"><div class=\"xdj266r x14z9mp xat24cr x1lziwak x1vvkbs x126k92a\"><div dir=\"auto\">Le chemin comme m\u00e9taphore de la vie : quand le p\u00e8lerinage \u00e9claire nos d\u00e9fis personnels<\/div><div dir=\"auto\">Marcher, avancer, h\u00e9siter parfois, puis reprendre son souffle : le chemin, qu\u2019il soit de terre ou de pierre, est bien plus qu\u2019un simple trac\u00e9 sous nos pas. Il est le miroir de nos existences, une all\u00e9gorie vivante des \u00e9preuves, des rencontres et des r\u00e9v\u00e9lations qui jalonnent notre route. Parmi toutes les voies symboliques, celle du p\u00e8lerinage \u2013 et particuli\u00e8rement le chemin de Compostelle \u2013 incarne avec une force particuli\u00e8re cette m\u00e9taphore universelle. Chaque pas y devient une le\u00e7on, chaque d\u00e9tour une \u00e9preuve, chaque arriv\u00e9e une renaissance. Explorons comment cette exp\u00e9rience mill\u00e9naire \u00e9claire nos propres d\u00e9fis, transformant l\u2019acte de marcher en une m\u00e9ditation sur le sens de notre vie.<\/div><\/div><div class=\"x14z9mp xat24cr x1lziwak x1vvkbs xtlvy1s x126k92a\"><div dir=\"auto\">1. Le d\u00e9part : l\u2019appel et le premier pas<\/div><div dir=\"auto\">Tout chemin commence par une d\u00e9cision. Pour le p\u00e8lerin, c\u2019est le choix de quitter le connu pour l\u2019inconnu, de troquer la s\u00e9curit\u00e9 contre l\u2019aventure. Dans nos vies, ces d\u00e9parts prennent mille visages : un changement de carri\u00e8re, la fin d\u2019une relation, ou simplement la volont\u00e9 de se r\u00e9inventer. Comme le marcheur qui ajuste son sac avant de franchir le seuil de sa porte, nous aussi devons parfois nous all\u00e9ger \u2013 de pr\u00e9jug\u00e9s, d\u2019habitudes, ou de peurs \u2013 pour oser avancer.<\/div><div dir=\"auto\">Le premier pas est souvent le plus difficile. Sur le chemin de Compostelle, les p\u00e8lerins parlent de la \u00ab\u00a0fi\u00e8vre du d\u00e9part\u00a0\u00bb, ce m\u00e9lange d\u2019excitation et d\u2019angoisse face \u00e0 l\u2019inconnu. N\u2019est-ce pas la m\u00eame \u00e9motion qui nous sais\u00eet quand nous lan\u00e7ons un projet, quand nous osons dire \u00ab\u00a0je change\u00a0\u00bb ? Ce moment charni\u00e8re r\u00e9v\u00e8le notre vuln\u00e9rabilit\u00e9, mais aussi notre courage. Le chemin nous apprend que commencer, c\u2019est d\u00e9j\u00e0 half the battle \u2013 et que l\u2019incertitude n\u2019est pas un obstacle, mais une composante essentielle de toute transformation.<\/div><div dir=\"auto\">Exemple concret : Un cadre parisien, habitu\u00e9 aux m\u00e9tros bond\u00e9s, se retrouve soudain sur les sentiers boueux du Limousin, avec pour seule boussole une coquille Saint-Jacques cousue sur son sac. Les ampoules aux pieds deviennent le symbole des doutes qui nous freinent : \u00ab\u00a0Ai-je fait le bon choix ?\u00a0\u00bb Pourtant, apr\u00e8s quelques jours, la douleur s\u2019estompe, remplac\u00e9e par une \u00e9trange certitude : la route, m\u00eame difficile, est pr\u00e9f\u00e9rable \u00e0 l\u2019immobilit\u00e9.<\/div><\/div><div class=\"x14z9mp xat24cr x1lziwak x1vvkbs xtlvy1s x126k92a\"><div dir=\"auto\">2. Les \u00e9tapes : rythmes, rencontres et r\u00e9silience<\/div><div dir=\"auto\">Un p\u00e8lerinage se divise en \u00e9tapes, comme une vie se d\u00e9coupe en chapitres. Certaines sont faciles, d\u2019autres semblent interminables. Les mont\u00e9es du col de Roncevaux, sous la pluie battante, rappellent ces p\u00e9riodes o\u00f9 tout semble nous r\u00e9sister \u2013 un deuil, un \u00e9chec professionnel, une remise en question. Pourtant, c\u2019est souvent dans ces moments que nous d\u00e9couvrons nos ressources cach\u00e9es.<\/div><div dir=\"auto\">Sur le chemin, on apprend deux choses :<\/div><div dir=\"auto\">Le rythme personnel : Certains marchent vite, d\u2019autres s\u2019arr\u00eatent souvent. Comparaison n\u2019est pas raison. De m\u00eame, dans nos vies, les attentes sociales (dipl\u00f4mes, mariage, r\u00e9ussite mat\u00e9rielle) nous dictent parfois un tempo qui n\u2019est pas le n\u00f4tre. Le p\u00e8lerinage nous rappelle que la lenteur peut \u00eatre une force, et que chaque pause \u2013 pour admirer un coucher de soleil ou soigner une entorse \u2013 a sa valeur.<\/div><div dir=\"auto\">La solidarit\u00e9 impr\u00e9vue : Un inconnu vous tend une pommade pour vos ampoules, un autre partage son repas. Ces gestes, apparents hasards, sont des rappels : personne ne chemine vraiment seul. Nos d\u00e9fis personnels, aussi intimes soient-ils, trouvent souvent leur solution dans l\u2019\u00e9change, l\u2019\u00e9coute, ou un simple regard complice.<\/div><div dir=\"auto\">Histoire v\u00e9cue : Une p\u00e8lerine, partie pour \u00ab\u00a0fuir\u00a0\u00bb une rupture, r\u00e9alise un soir, autour d\u2019un repas partag\u00e9 avec des Cor\u00e9ens et un pr\u00eatre breton, que sa souffrance n\u2019est pas une fin, mais une transition. \u00ab\u00a0On ne gu\u00e9rit pas en fuyant, mais en marchant \u00e0 travers\u00a0\u00bb, lui dit un compagnon de route. Cette phrase, elle la gardera comme un mantra bien apr\u00e8s Santiago.<\/div><\/div><div class=\"x14z9mp xat24cr x1lziwak x1vvkbs xtlvy1s x126k92a\"><div dir=\"auto\">3. Les d\u00e9tours et les \u00e9preuves : quand le chemin r\u00e9siste<\/div><div dir=\"auto\">Aucun itin\u00e9raire n\u2019est une ligne droite. Les panneaux manquants, les chemins d\u00e9tourn\u00e9s par les intemp\u00e9ries, les erreurs de parcours sont l\u00e9gion. Dans la vie, ces \u00ab\u00a0d\u00e9tours\u00a0\u00bb prennent la forme de maladies, de trahisons, ou de projets avort\u00e9s. Notre r\u00e9action face \u00e0 eux d\u00e9finit souvent qui nous devenons.<\/div><div dir=\"auto\">Le p\u00e8lerinage enseigne une sagesse pr\u00e9cieuse : l\u2019obstacle n\u2019est pas un \u00e9chec, mais une partie du voyage.<\/div><div dir=\"auto\">Une temp\u00eate vous cloue sous un auvent ? C\u2019est l\u2019occasion de rencontrer un autre marcheur, ou de m\u00e9diter sur la patience.<\/div><div dir=\"auto\">Une blessure vous force \u00e0 vous arr\u00eater trois jours ? Peut-\u00eatre \u00e9tait-ce pour \u00e9viter un danger plus grand, ou pour d\u00e9couvrir un village ignor\u00e9 des guides.<\/div><div dir=\"auto\">Parall\u00e8le avec la vie : Combien de fois un licenciement, une maladie, ou un d\u00e9m\u00e9nagement forc\u00e9 s\u2019est-il r\u00e9v\u00e9l\u00e9, a posteriori, une b\u00e9n\u00e9diction d\u00e9guis\u00e9e ? Comme le dit le proverbe compostellan : \u00ab\u00a0Le chemin se fait en marchant\u00a0\u00bb \u2013 c\u2019est-\u00e0-dire que la solution \u00e9merge souvent de l\u2019action elle-m\u00eame, pas de la planification obsessionnelle.<\/div><\/div><div class=\"x14z9mp xat24cr x1lziwak x1vvkbs xtlvy1s x126k92a\"><div dir=\"auto\">Le chemin et la vie : des le\u00e7ons parall\u00e8les<\/div><div dir=\"auto\">Le p\u00e8lerinage, comme notre existence, est jalonn\u00e9 d\u2019\u00e9preuves et d\u2019enseignements qui se r\u00e9pondent. Voici comment les d\u00e9fis concrets du marcheur \u00e9clairent nos propres parcours :<\/div><div dir=\"auto\">Le poids du sac et celui de l\u2019esprit Sur les sentiers de Compostelle, un sac trop charg\u00e9 devient vite un fardeau, ralentissant chaque pas. Dans nos vies, ce sont souvent les charges invisibles \u2013 regrets, culpabilit\u00e9, attentes irr\u00e9alistes \u2013 qui nous alourdissent. La le\u00e7on ? Savoir all\u00e9gir, trier l\u2019essentiel de l\u2019accessoire. Comme le p\u00e8lerin qui abandonne au bord du chemin un pull trop lourd, nous apprenons \u00e0 l\u00e2cher ce qui nous entrave : une ranc\u0153ur tenace, un perfectionnisme st\u00e9rilisant, ou des \u00ab\u00a0il faut\u00a0\u00bb h\u00e9rit\u00e9s d\u2019autrui. L\u2019art de voyager l\u00e9ger est aussi celui de vivre plus librement.<\/div><div dir=\"auto\">Les intemp\u00e9ries et les temp\u00eates int\u00e9rieures La pluie qui trempe les v\u00eatements, le vent qui pousse en arri\u00e8re\u2026 Les \u00e9l\u00e9ments hostiles du chemin rappellent nos p\u00e9riodes de doute ou de crise \u2013 ces moments o\u00f9 tout semble conspirer contre nous. Pourtant, c\u2019est souvent sous l\u2019averse que l\u2019on d\u00e9couvre sa r\u00e9silience. La cl\u00e9 ? Accepter l\u2019impermanence : les \u00e9preuves passent, comme le mauvais temps. Et parfois, c\u2019est pr\u00e9cis\u00e9ment dans ces moments que surgissent les rencontres les plus pr\u00e9cieuses \u2013 un abri partag\u00e9, un mot d\u2019encouragement. Nos propres \u00ab\u00a0temp\u00eates\u00a0\u00bb (un deuil, un \u00e9chec) peuvent, elles aussi, r\u00e9v\u00e9ler des solidarit\u00e9s insoup\u00e7onn\u00e9es ou des forces ignor\u00e9es.<\/div><div dir=\"auto\">Les rencontres \u00e9ph\u00e9m\u00e8res et leurs \u00e9chos durables Un repas partag\u00e9 avec des inconnus, une conversation sous les \u00e9toiles avec un marcheur crois\u00e9 par hasard\u2026 Ces liens fugaces, mais intenses, sont le sel du p\u00e8lerinage. Dans nos vies, combien de relations passag\u00e8res \u2013 un coll\u00e8gue, un voisin, un m\u00e9decin \u2013 ont marqu\u00e9 un tournant ? Le message du chemin : Chaque personne crois\u00e9e a un r\u00f4le \u00e0 jouer, f\u00fbt-ce le temps d\u2019une \u00e9tape. Et si nous portions plus d\u2019attention \u00e0 ces pr\u00e9sences \u00e9ph\u00e9m\u00e8res, mais porteuses de sens ?<\/div><div dir=\"auto\">L\u2019illusion de la ligne d\u2019arriv\u00e9e Atteindre Santiago est une joie, mais beaucoup de p\u00e8lerins ressentent ensuite un vide : \u00ab\u00a0Et apr\u00e8s ?\u00a0\u00bb De m\u00eame, nos objectifs (dipl\u00f4me, promotion, maison) procurent souvent une satisfaction br\u00e8ve, suivie d\u2019un \u00ab\u00a0Est-ce tout ?\u00a0\u00bb. La sagesse du chemin nous whisper : la pl\u00e9nitude est dans la marche elle-m\u00eame, pas dans l\u2019arriv\u00e9e. La cath\u00e9drale n\u2019est qu\u2019un point de passage \u2013 comme nos \u00ab\u00a0succ\u00e8s\u00a0\u00bb, qui ne sont que des haltes avant de nouvelles aventures.<\/div><div dir=\"auto\">Le retour : l\u2019\u00e9preuve ultime Rentrer chez soi apr\u00e8s des semaines de marche est parfois plus difficile que le p\u00e8lerinage lui-m\u00eame. Comment conserver l\u2019esprit du chemin quand les factures et les routines reprennent leurs droits ? La r\u00e9ponse tient peut-\u00eatre dans de petits rites : tenir un journal de gratitude, marcher r\u00e9guli\u00e8rement en pleine conscience, ou simplement garder vivante cette question : \u00ab\u00a0Quel est mon prochain pas \u2013 pas ma prochaine destination ?\u00a0\u00bb<\/div><\/div><div class=\"x14z9mp xat24cr x1lziwak x1vvkbs xtlvy1s x126k92a\"><div dir=\"auto\">En r\u00e9sum\u00e9 : Le p\u00e8lerinage nous tend un miroir. Il nous montre que nos d\u00e9fis ne sont pas des obstacles \u00e0 \u00e9liminer, mais des paysages \u00e0 traverser \u2013 avec leurs mont\u00e9es abruptes, leurs vall\u00e9es ombrag\u00e9es, et leurs clairi\u00e8res inattendues. La vie, comme le chemin, ne se ma\u00eetrise pas : elle se parcourt, un pas apr\u00e8s l\u2019autre, avec curiosit\u00e9 et humilit\u00e9.<\/div><div dir=\"auto\">(Cette r\u00e9flexion vous \u00e9voque-t-elle une \u00e9preuve personnelle actuelle ? Ou un \u00ab\u00a0sac trop lourd\u00a0\u00bb que vous aimeriez all\u00e9ger ?)<\/div><\/div><div class=\"x14z9mp xat24cr x1lziwak x1vvkbs xtlvy1s x126k92a\"><div dir=\"auto\">4. L\u2019arriv\u00e9e : l\u2019illusion de la ligne d\u2019arriv\u00e9e<\/div><div dir=\"auto\">Atteindre la cath\u00e9drale de Santiago est un moment d\u2019\u00e9motion intense. Pourtant, beaucoup de p\u00e8lerins \u00e9prouvent ensuite un \u00e9trange vide : \u00ab\u00a0Et maintenant ?\u00a0\u00bb Cette question r\u00e9sonne comme un \u00e9cho de nos propres qu\u00eates : obtention d\u2019un dipl\u00f4me, achat d\u2019une maison, retraite\u2026 Les \u00ab\u00a0buts\u00a0\u00bb que nous nous fixons sont souvent des leurres : ce qui compte, c\u2019est ce que le parcours a chang\u00e9 en nous.<\/div><div dir=\"auto\">Certains continuent jusqu\u2019au cap Finisterre, symbole de la fin du monde connu au Moyen \u00c2ge. D\u2019autres repartent imm\u00e9diatement sur un nouveau chemin. Cette ambivalence r\u00e9v\u00e8le une v\u00e9rit\u00e9 profonde : la vie n\u2019est pas une s\u00e9rie de lignes d\u2019arriv\u00e9e, mais un encha\u00eenement de d\u00e9parts. La m\u00e9taphore du chemin nous lib\u00e8re de l\u2019obsession du r\u00e9sultat. Comme l\u2019\u00e9crivait Antonio Machado : \u00ab\u00a0Caminante, no hay camino, se hace camino al andar\u00a0\u00bb (Voyageur, il n\u2019y a pas de chemin, le chemin se fait en marchant.)<\/div><\/div><div class=\"x14z9mp xat24cr x1lziwak x1vvkbs xtlvy1s x126k92a\"><div dir=\"auto\">5. Le retour : int\u00e9grer la transformation<\/div><div dir=\"auto\">Le plus difficile, peut-\u00eatre, n\u2019est pas de marcher, mais de rentrer. Comment concilier les le\u00e7ons du chemin avec le quotidien ? Un p\u00e8lerin m\u2019a confi\u00e9 : \u00ab\u00a0Le vrai d\u00e9fi, c\u2019est de garder l\u2019esprit du chemin une fois rentr\u00e9 chez soi \u2013 quand les factures et les embouteillages reprennent leurs droits.\u00a0\u00bb<\/div><div dir=\"auto\">Quelques pistes pour transposer cette sagesse :<\/div><div dir=\"auto\">Ritueliser les transitions : Comme on marque la fin d\u2019une \u00e9tape par un tampon sur sa cr\u00e9dentiale (passeport du p\u00e8lerin), cr\u00e9er des rites pour c\u00e9l\u00e9brer nos propres passages (un carnet de gratitude, une marche hebdomadaire en for\u00eat).<\/div><div dir=\"auto\">Cultiver la gratitude : Sur le chemin, on remercie pour un lit chaud ou un repas chaud. Dans la vie, cela peut \u00eatre teni un journal des \u00ab\u00a0petites victoires\u00a0\u00bb.<\/div><div dir=\"auto\">Rester un \u00ab\u00a0p\u00e8lerin\u00a0\u00bb : Garder cette curiosit\u00e9, cette humilit\u00e9 face \u00e0 l\u2019inconnu. La vie n\u2019est pas une destination, mais une suite de paysages \u00e0 traverser.<\/div><\/div><div class=\"x14z9mp xat24cr x1lziwak x1vvkbs xtlvy1s x126k92a\"><div dir=\"auto\">Conclusion : et si nous \u00e9tions tous des p\u00e8lerins ?<\/div><div dir=\"auto\">Le chemin, qu\u2019il soit physique ou m\u00e9taphorique, nous rappelle que :<\/div><div dir=\"auto\">La vuln\u00e9rabilit\u00e9 est une force : Nos ampoules (litt\u00e9rales ou symboliques) sont les preuves de notre avanc\u00e9e.<\/div><div dir=\"auto\">L\u2019imperfection est la norme : Les erreurs de parcours font partie de l\u2019aventure.<\/div><div dir=\"auto\">La beaut\u00e9 est dans les d\u00e9tails : Un champ de coquelicots en Sologne, un sourire \u00e9chang\u00e9 avec un inconnu, une douleur surmont\u00e9e\u2026 C\u2019est l\u00e0 que r\u00e9side le sacr\u00e9.<\/div><div dir=\"auto\">Alors, la prochaine fois que la vie vous semblera \u00eatre une montagne trop raide, souvenez-vous du p\u00e8lerin sous la pluie : il avance, pas \u00e0 pas, parce qu\u2019il sait que chaque effort a un sens \u2013 m\u00eame celui dont il ne voit pas encore la fin.<\/div><div dir=\"auto\">Et vous, quel \u00ab\u00a0chemin\u00a0\u00bb \u00eates-vous en train de parcourir aujourd\u2019hui ? Peut-\u00eatre est-il temps d\u2019ajuster votre sac, de serrer les lacets de vos chaussures\u2026 et de faire un pas de plus.<\/div><\/div><\/div><\/div><\/div><\/div><\/div><\/div><div id=\"_r_4t0_\" class=\"html-div xdj266r x14z9mp xat24cr x1lziwak xexx8yu xyri2b x18d9i69 x1c1uobl x1n2onr6\"><div class=\"html-div xdj266r x14z9mp xat24cr x1lziwak xexx8yu xyri2b x18d9i69 x1c1uobl x6ikm8r x10wlt62\">\u00a0<\/div><\/div><\/div>\t\t\t\t\t\t\t\t<\/div>\n\t\t\t\t<\/div>\n\t\t\t\t\t<\/div>\n\t\t\t\t<\/div>\n\t\t<div class=\"elementor-element elementor-element-3a3660a e-flex e-con-boxed e-con e-parent\" data-id=\"3a3660a\" data-element_type=\"container\" data-e-type=\"container\">\n\t\t\t\t\t<div class=\"e-con-inner\">\n\t\t\t\t<div class=\"elementor-element elementor-element-4fdbe4c elementor-widget__width-inherit elementor-widget elementor-widget-image\" data-id=\"4fdbe4c\" data-element_type=\"widget\" data-e-type=\"widget\" data-widget_type=\"image.default\">\n\t\t\t\t<div class=\"elementor-widget-container\">\n\t\t\t\t\t\t\t\t\t\t\t\t\t\t\t<img fetchpriority=\"high\" decoding=\"async\" width=\"1920\" height=\"500\" src=\"https:\/\/xn--caminotlvision-hkbb.com\/wp-content\/uploads\/2024\/01\/bandeau-plateau-de-sauvage.jpg\" class=\"attachment-2048x2048 size-2048x2048 wp-image-608\" alt=\"\" srcset=\"https:\/\/xn--caminotlvision-hkbb.com\/wp-content\/uploads\/2024\/01\/bandeau-plateau-de-sauvage.jpg 1920w, https:\/\/xn--caminotlvision-hkbb.com\/wp-content\/uploads\/2024\/01\/bandeau-plateau-de-sauvage-300x78.jpg 300w, https:\/\/xn--caminotlvision-hkbb.com\/wp-content\/uploads\/2024\/01\/bandeau-plateau-de-sauvage-1024x267.jpg 1024w, https:\/\/xn--caminotlvision-hkbb.com\/wp-content\/uploads\/2024\/01\/bandeau-plateau-de-sauvage-768x200.jpg 768w, https:\/\/xn--caminotlvision-hkbb.com\/wp-content\/uploads\/2024\/01\/bandeau-plateau-de-sauvage-1536x400.jpg 1536w\" sizes=\"(max-width: 1920px) 100vw, 1920px\" \/>\t\t\t\t\t\t\t\t\t\t\t\t\t\t\t<\/div>\n\t\t\t\t<\/div>\n\t\t\t\t\t<\/div>\n\t\t\t\t<\/div>\n\t\t\t\t<\/div>\n\t\t","protected":false},"excerpt":{"rendered":"<p>Je suis heureux de partager avec vous mon premier portrait. Celui de de Jean Michel Chougny, un p\u00e8lerin exceptionnel que j&rsquo;ai eu l&rsquo;honneur de rencontrer. Depuis dix ans, Jean Michel parcourt inlassablement les chemins de p\u00e8lerinage, accumulant \u00e0 son actif un impressionnant total de 14 000 kilom\u00e8tres. Notre rencontre a eu lieu \u00e0 Chartres, un [&hellip;]<\/p>\n","protected":false},"author":1,"featured_media":4236,"comment_status":"closed","ping_status":"closed","sticky":false,"template":"elementor_header_footer","format":"standard","meta":{"footnotes":""},"categories":[59,1],"tags":[],"class_list":["post-4287","post","type-post","status-publish","format-standard","has-post-thumbnail","hentry","category-blogging","category-blog"],"aioseo_notices":[],"_links":{"self":[{"href":"https:\/\/xn--caminotlvision-hkbb.com\/index.php\/wp-json\/wp\/v2\/posts\/4287","targetHints":{"allow":["GET"]}}],"collection":[{"href":"https:\/\/xn--caminotlvision-hkbb.com\/index.php\/wp-json\/wp\/v2\/posts"}],"about":[{"href":"https:\/\/xn--caminotlvision-hkbb.com\/index.php\/wp-json\/wp\/v2\/types\/post"}],"author":[{"embeddable":true,"href":"https:\/\/xn--caminotlvision-hkbb.com\/index.php\/wp-json\/wp\/v2\/users\/1"}],"replies":[{"embeddable":true,"href":"https:\/\/xn--caminotlvision-hkbb.com\/index.php\/wp-json\/wp\/v2\/comments?post=4287"}],"version-history":[{"count":7,"href":"https:\/\/xn--caminotlvision-hkbb.com\/index.php\/wp-json\/wp\/v2\/posts\/4287\/revisions"}],"predecessor-version":[{"id":4295,"href":"https:\/\/xn--caminotlvision-hkbb.com\/index.php\/wp-json\/wp\/v2\/posts\/4287\/revisions\/4295"}],"wp:featuredmedia":[{"embeddable":true,"href":"https:\/\/xn--caminotlvision-hkbb.com\/index.php\/wp-json\/wp\/v2\/media\/4236"}],"wp:attachment":[{"href":"https:\/\/xn--caminotlvision-hkbb.com\/index.php\/wp-json\/wp\/v2\/media?parent=4287"}],"wp:term":[{"taxonomy":"category","embeddable":true,"href":"https:\/\/xn--caminotlvision-hkbb.com\/index.php\/wp-json\/wp\/v2\/categories?post=4287"},{"taxonomy":"post_tag","embeddable":true,"href":"https:\/\/xn--caminotlvision-hkbb.com\/index.php\/wp-json\/wp\/v2\/tags?post=4287"}],"curies":[{"name":"wp","href":"https:\/\/api.w.org\/{rel}","templated":true}]}}