{"id":44,"date":"2024-01-15T12:39:42","date_gmt":"2024-01-15T11:39:42","guid":{"rendered":"https:\/\/xn--caminotlvision-hkbb.com\/index.php\/2024\/01\/10\/marcher-du-puy-en-velay-vers-compostelle-via-le-gr65\/"},"modified":"2025-07-14T18:17:26","modified_gmt":"2025-07-14T16:17:26","slug":"marcher-du-puy-en-velay-vers-compostelle-via-le-gr65","status":"publish","type":"post","link":"https:\/\/xn--caminotlvision-hkbb.com\/index.php\/2024\/01\/15\/marcher-du-puy-en-velay-vers-compostelle-via-le-gr65\/","title":{"rendered":"Pourquoi partir du Puy-en-Velay vers Compostelle"},"content":{"rendered":"\t\t<div data-elementor-type=\"wp-post\" data-elementor-id=\"44\" class=\"elementor elementor-44\">\n\t\t\t\t<div class=\"elementor-element elementor-element-311ed0de e-flex e-con-boxed e-con e-parent\" data-id=\"311ed0de\" data-element_type=\"container\" data-e-type=\"container\">\n\t\t\t\t\t<div class=\"e-con-inner\">\n\t\t\t\t<div class=\"elementor-element elementor-element-b7a1964 elementor-widget elementor-widget-image\" data-id=\"b7a1964\" data-element_type=\"widget\" data-e-type=\"widget\" data-widget_type=\"image.default\">\n\t\t\t\t<div class=\"elementor-widget-container\">\n\t\t\t\t\t\t\t\t\t\t\t\t\t\t\t<img fetchpriority=\"high\" decoding=\"async\" width=\"1600\" height=\"400\" src=\"https:\/\/xn--caminotlvision-hkbb.com\/wp-content\/uploads\/2024\/01\/bandeau-hiver-chap-1.jpg\" class=\"attachment-full size-full wp-image-78\" alt=\"\" srcset=\"https:\/\/xn--caminotlvision-hkbb.com\/wp-content\/uploads\/2024\/01\/bandeau-hiver-chap-1.jpg 1600w, https:\/\/xn--caminotlvision-hkbb.com\/wp-content\/uploads\/2024\/01\/bandeau-hiver-chap-1-300x75.jpg 300w, https:\/\/xn--caminotlvision-hkbb.com\/wp-content\/uploads\/2024\/01\/bandeau-hiver-chap-1-1024x256.jpg 1024w, https:\/\/xn--caminotlvision-hkbb.com\/wp-content\/uploads\/2024\/01\/bandeau-hiver-chap-1-768x192.jpg 768w, https:\/\/xn--caminotlvision-hkbb.com\/wp-content\/uploads\/2024\/01\/bandeau-hiver-chap-1-1536x384.jpg 1536w\" sizes=\"(max-width: 1600px) 100vw, 1600px\" \/>\t\t\t\t\t\t\t\t\t\t\t\t\t\t\t<\/div>\n\t\t\t\t<\/div>\n\t\t\t\t<div class=\"elementor-element elementor-element-352be498 elementor-widget__width-inherit elementor-widget elementor-widget-text-editor\" data-id=\"352be498\" data-element_type=\"widget\" data-e-type=\"widget\" data-widget_type=\"text-editor.default\">\n\t\t\t\t<div class=\"elementor-widget-container\">\n\t\t\t\t\t\t\t\t\t<p>Si vous \u00eates un passionn\u00e9 de randonn\u00e9e et que vous cherchez une aventure spirituelle, partir du Puy-en-Velay et suivre le GR65 jusqu&rsquo;\u00e0 Compostelle est une exp\u00e9rience inoubliable. Le GR65, \u00e9galement connu sous le nom de Via Podiensis, est l&rsquo;un des chemins de p\u00e8lerinage les plus populaires en France.<\/p><p>Le d\u00e9part se fait depuis la magnifique ville du Puy-en-Velay, situ\u00e9e en Auvergne. Cette \u00e9tape initiale est marqu\u00e9e par la majestueuse cath\u00e9drale Notre-Dame du Puy, un site class\u00e9 au patrimoine mondial de l&rsquo;UNESCO. Apr\u00e8s avoir admir\u00e9 cette merveille architecturale, vous commencerez votre marche sur le GR65.<\/p><p>Le GR65 vous emm\u00e8nera \u00e0 travers des paysages vari\u00e9s, des collines verdoyantes aux montagnes escarp\u00e9es. Vous traverserez de charmants villages pittoresques, des champs de vignes et des for\u00eats denses. Chaque jour, vous marcherez en moyenne entre 20 et 25 kilom\u00e8tres, en suivant les balises rouges et blanches qui jalonnent le chemin.<\/p><p>Tout au long de votre parcours, vous aurez l&rsquo;occasion de rencontrer d&rsquo;autres p\u00e8lerins du monde entier. Les rencontres et les \u00e9changes avec ces personnes partageant la m\u00eame qu\u00eate spirituelle rendront votre voyage encore plus enrichissant.<\/p><p>Au fur et \u00e0 mesure que vous avancez sur le GR65, vous d\u00e9couvrirez des sites historiques et religieux tels que l&rsquo;abbaye de Conques et la cath\u00e9drale de Cahors. Ces lieux charg\u00e9s d&rsquo;histoire et de spiritualit\u00e9 vous offriront des moments de recueillement et de r\u00e9flexion.<\/p><p>Arriver \u00e0 Compostelle est un moment de grande \u00e9motion. Vous serez r\u00e9compens\u00e9 par la vue de la cath\u00e9drale de Saint-Jacques-de-Compostelle, un chef-d&rsquo;\u0153uvre de l&rsquo;architecture gothique. Vous pourrez \u00e9galement obtenir votre \u00ab\u00a0Compostela\u00a0\u00bb, un certificat officiel prouvant que vous avez accompli le p\u00e8lerinage.<\/p><p>Marcher du Puy-en-Velay vers Compostelle via le GR65 est une aventure qui vous permettra de vous reconnecter avec vous-m\u00eame, de d\u00e9couvrir des paysages magnifiques et de vivre une exp\u00e9rience spirituelle unique. Que vous soyez croyant ou non, cette marche vous laissera des souvenirs imp\u00e9rissables et vous donnera une perspective nouvelle sur la vie.<\/p><p>Alors, pr\u00e9parez votre sac \u00e0 dos, enfilez vos chaussures de randonn\u00e9e et lancez-vous dans cette aventure sur le GR65. Bon voyage !<\/p><p><a href=\"https:\/\/www.ffrandonnee.fr\/randonner\/sentiers\/gr-65-le-chemin-de-compostelle-via-le-puy\" target=\"_blank\" rel=\"noopener\">Voir aussi l&rsquo;article de la f\u00e9d\u00e9ration Fran\u00e7aise de Randonn\u00e9e<\/a><\/p>\t\t\t\t\t\t\t\t<\/div>\n\t\t\t\t<\/div>\n\t\t\t\t\t<\/div>\n\t\t\t\t<\/div>\n\t\t<div class=\"elementor-element elementor-element-e6b7448 e-flex e-con-boxed e-con e-parent\" data-id=\"e6b7448\" data-element_type=\"container\" data-e-type=\"container\">\n\t\t\t\t\t<div class=\"e-con-inner\">\n\t\t<div class=\"elementor-element elementor-element-e555199 e-con-full e-flex e-con e-child\" data-id=\"e555199\" data-element_type=\"container\" data-e-type=\"container\">\n\t\t\t\t<div class=\"elementor-element elementor-element-09a0a5c elementor-widget elementor-widget-image\" data-id=\"09a0a5c\" data-element_type=\"widget\" data-e-type=\"widget\" data-widget_type=\"image.default\">\n\t\t\t\t<div class=\"elementor-widget-container\">\n\t\t\t\t\t\t\t\t\t\t\t\t<figure class=\"wp-caption\">\n\t\t\t\t\t\t\t\t\t\t<img decoding=\"async\" width=\"800\" height=\"513\" src=\"https:\/\/xn--caminotlvision-hkbb.com\/wp-content\/uploads\/2024\/01\/parcours-le-puy-vers-compostelle-via-le-camino-frances-1024x657.png\" class=\"attachment-large size-large wp-image-72\" alt=\"\" srcset=\"https:\/\/xn--caminotlvision-hkbb.com\/wp-content\/uploads\/2024\/01\/parcours-le-puy-vers-compostelle-via-le-camino-frances-1024x657.png 1024w, https:\/\/xn--caminotlvision-hkbb.com\/wp-content\/uploads\/2024\/01\/parcours-le-puy-vers-compostelle-via-le-camino-frances-300x192.png 300w, https:\/\/xn--caminotlvision-hkbb.com\/wp-content\/uploads\/2024\/01\/parcours-le-puy-vers-compostelle-via-le-camino-frances-768x493.png 768w, https:\/\/xn--caminotlvision-hkbb.com\/wp-content\/uploads\/2024\/01\/parcours-le-puy-vers-compostelle-via-le-camino-frances-1536x985.png 1536w, https:\/\/xn--caminotlvision-hkbb.com\/wp-content\/uploads\/2024\/01\/parcours-le-puy-vers-compostelle-via-le-camino-frances.png 1567w\" sizes=\"(max-width: 800px) 100vw, 800px\" \/>\t\t\t\t\t\t\t\t\t\t\t<figcaption class=\"widget-image-caption wp-caption-text\">vers Saivia le GR65 et le Camino Frances<\/figcaption>\n\t\t\t\t\t\t\t\t\t\t<\/figure>\n\t\t\t\t\t\t\t\t\t<\/div>\n\t\t\t\t<\/div>\n\t\t\t\t<div class=\"elementor-element elementor-element-be4e021 elementor-align-center elementor-widget elementor-widget-button\" data-id=\"be4e021\" data-element_type=\"widget\" data-e-type=\"widget\" data-widget_type=\"button.default\">\n\t\t\t\t<div class=\"elementor-widget-container\">\n\t\t\t\t\t\t\t\t\t<div class=\"elementor-button-wrapper\">\n\t\t\t\t\t<a class=\"elementor-button elementor-button-link elementor-size-sm\" href=\"https:\/\/www.visorando.com\/randonnee-\/44136210\" target=\"_blank\">\n\t\t\t\t\t\t<span class=\"elementor-button-content-wrapper\">\n\t\t\t\t\t\t\t\t\t<span class=\"elementor-button-text\">la carte sur Visorando<\/span>\n\t\t\t\t\t<\/span>\n\t\t\t\t\t<\/a>\n\t\t\t\t<\/div>\n\t\t\t\t\t\t\t\t<\/div>\n\t\t\t\t<\/div>\n\t\t\t\t<div class=\"elementor-element elementor-element-8813699 elementor-widget elementor-widget-image\" data-id=\"8813699\" data-element_type=\"widget\" data-e-type=\"widget\" data-widget_type=\"image.default\">\n\t\t\t\t<div class=\"elementor-widget-container\">\n\t\t\t\t\t\t\t\t\t\t\t\t<figure class=\"wp-caption\">\n\t\t\t\t\t\t\t\t\t\t<img decoding=\"async\" width=\"800\" height=\"450\" src=\"https:\/\/xn--caminotlvision-hkbb.com\/wp-content\/uploads\/2024\/01\/saint-jacques-de-compostelle-1024x576.jpg\" class=\"attachment-large size-large wp-image-320\" alt=\"\" srcset=\"https:\/\/xn--caminotlvision-hkbb.com\/wp-content\/uploads\/2024\/01\/saint-jacques-de-compostelle-1024x576.jpg 1024w, https:\/\/xn--caminotlvision-hkbb.com\/wp-content\/uploads\/2024\/01\/saint-jacques-de-compostelle-300x169.jpg 300w, https:\/\/xn--caminotlvision-hkbb.com\/wp-content\/uploads\/2024\/01\/saint-jacques-de-compostelle-768x432.jpg 768w, https:\/\/xn--caminotlvision-hkbb.com\/wp-content\/uploads\/2024\/01\/saint-jacques-de-compostelle-1536x864.jpg 1536w, https:\/\/xn--caminotlvision-hkbb.com\/wp-content\/uploads\/2024\/01\/saint-jacques-de-compostelle.jpg 1920w\" sizes=\"(max-width: 800px) 100vw, 800px\" \/>\t\t\t\t\t\t\t\t\t\t\t<figcaption class=\"widget-image-caption wp-caption-text\">Cath\u00e9drale de Saint-Jacques-de-Compostelle 11 janvier 2023<\/figcaption>\n\t\t\t\t\t\t\t\t\t\t<\/figure>\n\t\t\t\t\t\t\t\t\t<\/div>\n\t\t\t\t<\/div>\n\t\t\t\t<\/div>\n\t\t<div class=\"elementor-element elementor-element-9afba93 e-con-full e-flex e-con e-child\" data-id=\"9afba93\" data-element_type=\"container\" data-e-type=\"container\">\n\t\t\t\t<div class=\"elementor-element elementor-element-57c2dc7 elementor-widget elementor-widget-image\" data-id=\"57c2dc7\" data-element_type=\"widget\" data-e-type=\"widget\" data-widget_type=\"image.default\">\n\t\t\t\t<div class=\"elementor-widget-container\">\n\t\t\t\t\t\t\t\t\t\t\t\t<figure class=\"wp-caption\">\n\t\t\t\t\t\t\t\t\t\t<img loading=\"lazy\" decoding=\"async\" width=\"768\" height=\"1024\" src=\"https:\/\/xn--caminotlvision-hkbb.com\/wp-content\/uploads\/2024\/01\/20231120_082024-web-768x1024.jpg\" class=\"attachment-large size-large wp-image-48\" alt=\"\" srcset=\"https:\/\/xn--caminotlvision-hkbb.com\/wp-content\/uploads\/2024\/01\/20231120_082024-web-768x1024.jpg 768w, https:\/\/xn--caminotlvision-hkbb.com\/wp-content\/uploads\/2024\/01\/20231120_082024-web-225x300.jpg 225w, https:\/\/xn--caminotlvision-hkbb.com\/wp-content\/uploads\/2024\/01\/20231120_082024-web-1152x1536.jpg 1152w, https:\/\/xn--caminotlvision-hkbb.com\/wp-content\/uploads\/2024\/01\/20231120_082024-web-e1705319875635.jpg 1080w\" sizes=\"(max-width: 768px) 100vw, 768px\" \/>\t\t\t\t\t\t\t\t\t\t\t<figcaption class=\"widget-image-caption wp-caption-text\">Cath\u00e9drale Notre-Dame du Puy, un site class\u00e9 au patrimoine mondial de l'UNESCO. 20-11-2023<\/figcaption>\n\t\t\t\t\t\t\t\t\t\t<\/figure>\n\t\t\t\t\t\t\t\t\t<\/div>\n\t\t\t\t<\/div>\n\t\t\t\t<\/div>\n\t\t\t\t\t<\/div>\n\t\t\t\t<\/div>\n\t\t<div class=\"elementor-element elementor-element-a634036 e-flex e-con-boxed e-con e-parent\" data-id=\"a634036\" data-element_type=\"container\" data-e-type=\"container\">\n\t\t\t\t\t<div class=\"e-con-inner\">\n\t\t<div class=\"elementor-element elementor-element-8ce72ea e-con-full e-flex e-con e-child\" data-id=\"8ce72ea\" data-element_type=\"container\" data-e-type=\"container\">\n\t\t\t\t<\/div>\n\t\t<div class=\"elementor-element elementor-element-83b9a75 e-con-full e-flex e-con e-child\" data-id=\"83b9a75\" data-element_type=\"container\" data-e-type=\"container\">\n\t\t\t\t<\/div>\n\t\t<div class=\"elementor-element elementor-element-ccaa058 e-con-full e-flex e-con e-child\" data-id=\"ccaa058\" data-element_type=\"container\" data-e-type=\"container\">\n\t\t\t\t<\/div>\n\t\t<div class=\"elementor-element elementor-element-4c484a0 e-con-full e-flex e-con e-child\" data-id=\"4c484a0\" data-element_type=\"container\" data-e-type=\"container\">\n\t\t\t\t<\/div>\n\t\t\t\t\t<\/div>\n\t\t\t\t<\/div>\n\t\t\t\t<\/div>\n\t\t","protected":false},"excerpt":{"rendered":"<p>Si vous \u00eates un passionn\u00e9 de randonn\u00e9e et que vous cherchez une aventure spirituelle, partir du Puy-en-Velay et suivre le GR65 jusqu\u2019\u00e0 Compostelle est une exp\u00e9rience inoubliable. Le GR65, \u00e9galement connu sous le nom de Via Podiensis, est l\u2019un des chemins de p\u00e8lerinage les plus populaires en France.<\/p>\n","protected":false},"author":1,"featured_media":45,"comment_status":"open","ping_status":"open","sticky":false,"template":"","format":"standard","meta":{"footnotes":""},"categories":[23],"tags":[12,11,10],"class_list":["post-44","post","type-post","status-publish","format-standard","has-post-thumbnail","hentry","category-lactu-du-web","tag-compostelle","tag-pelerinage","tag-randonnee"],"aioseo_notices":[],"_links":{"self":[{"href":"https:\/\/xn--caminotlvision-hkbb.com\/index.php\/wp-json\/wp\/v2\/posts\/44","targetHints":{"allow":["GET"]}}],"collection":[{"href":"https:\/\/xn--caminotlvision-hkbb.com\/index.php\/wp-json\/wp\/v2\/posts"}],"about":[{"href":"https:\/\/xn--caminotlvision-hkbb.com\/index.php\/wp-json\/wp\/v2\/types\/post"}],"author":[{"embeddable":true,"href":"https:\/\/xn--caminotlvision-hkbb.com\/index.php\/wp-json\/wp\/v2\/users\/1"}],"replies":[{"embeddable":true,"href":"https:\/\/xn--caminotlvision-hkbb.com\/index.php\/wp-json\/wp\/v2\/comments?post=44"}],"version-history":[{"count":65,"href":"https:\/\/xn--caminotlvision-hkbb.com\/index.php\/wp-json\/wp\/v2\/posts\/44\/revisions"}],"predecessor-version":[{"id":2979,"href":"https:\/\/xn--caminotlvision-hkbb.com\/index.php\/wp-json\/wp\/v2\/posts\/44\/revisions\/2979"}],"wp:featuredmedia":[{"embeddable":true,"href":"https:\/\/xn--caminotlvision-hkbb.com\/index.php\/wp-json\/wp\/v2\/media\/45"}],"wp:attachment":[{"href":"https:\/\/xn--caminotlvision-hkbb.com\/index.php\/wp-json\/wp\/v2\/media?parent=44"}],"wp:term":[{"taxonomy":"category","embeddable":true,"href":"https:\/\/xn--caminotlvision-hkbb.com\/index.php\/wp-json\/wp\/v2\/categories?post=44"},{"taxonomy":"post_tag","embeddable":true,"href":"https:\/\/xn--caminotlvision-hkbb.com\/index.php\/wp-json\/wp\/v2\/tags?post=44"}],"curies":[{"name":"wp","href":"https:\/\/api.w.org\/{rel}","templated":true}]}}